{"id":6099,"date":"2026-03-13T10:17:33","date_gmt":"2026-03-13T09:17:33","guid":{"rendered":"https:\/\/comiteesceniques.org\/?p=6099"},"modified":"2026-03-17T10:45:42","modified_gmt":"2026-03-17T09:45:42","slug":"los-profesionales-de-las-artes-escenicas-trasmiten-a-la-consellera-de-cultura-la-situacion-de-abandono-que-sufre-el-sector","status":"publish","type":"post","link":"https:\/\/comiteesceniques.org\/es\/intervencion-politica\/los-profesionales-de-las-artes-escenicas-trasmiten-a-la-consellera-de-cultura-la-situacion-de-abandono-que-sufre-el-sector\/","title":{"rendered":"Los profesionales de las artes esc\u00e9nicas trasmiten a la consellera de Cultura la situaci\u00f3n de abandono que sufre el sector"},"content":{"rendered":"<h1><strong>Los profesionales de las artes esc\u00e9nicas trasmiten a la consellera de Cultura la situaci\u00f3n de abandono que sufre el sector<\/strong><\/h1>\n<h2><em>11 asociaciones profesionales denuncian la falta de gesti\u00f3n, los continuos recortes y un modelo fallido del Circuit Cultural Valenci\u00e0 entre los principales problemas<\/em><\/h2>\n<p><strong>Valencia, 16\/03\/26<\/strong><\/p>\n<p>Con una sensaci\u00f3n de desesperanza y exhaustos por la dejadez y los cambios err\u00e1ticos sin consenso por parte de la conselleria de Cultura que dirige Carmen Ort\u00ed, los profesionales de las artes esc\u00e9nicas vuelven a advertir de la situaci\u00f3n de deriva que vive el sector, donde los problemas cada vez se agravan m\u00e1s, sin que se adopte ninguna medida que mitigue la dif\u00edcil situaci\u00f3n en la que viven los profesionales y las empresas de las artes esc\u00e9nicas valencianas.<\/p>\n<p>Esta situaci\u00f3n cr\u00edtica ya fue trasmitida personalmente a la consellera por parte de representantes de las diferentes asociaciones profesionales el pasado 10 de febrero. Un mes despu\u00e9s de este primer encuentro se ha vuelto a exponer mediante un escrito enviado a la m\u00e1xima responsable de la cultura valenciana todos los problemas acuciantes que deben ser abordados de manera urgente.<\/p>\n<p>Desde las asociaciones de las artes esc\u00e9nicas se considera que se ha tenido mucha paciencia, especialmente ante una situaci\u00f3n de recorte presupuestario de un 11% respecto el a\u00f1o 2024 y tres relevos al frente de la conselleria de Cultura. Estos cambios lejos de solucionar los problemas del sector los han agravado, desoyendo a las asociaciones profesionales que en todo momento han mostrado una disposici\u00f3n a la colaboraci\u00f3n y el di\u00e1logo que no se ha dado, aunque se haya intentado proyectar a la opini\u00f3n p\u00fablica el falso mensaje de que los cambios han sido consensuados con los profesionales de las artes esc\u00e9nicas.<\/p>\n<p>La realidad es que se han desmantelado progresivamente todas las pol\u00edticas que hasta ahora sosten\u00edan el funcionamiento vertebral del ecosistema esc\u00e9nico valenciano, sin ni tan siquiera proponer una alternativa viable e ignorando las propuestas del sector.<\/p>\n<p>Las 11 asociaciones principales de las artes esc\u00e9nicas valencianas denuncian tambi\u00e9n los cambios err\u00e1ticos y retrasos insostenibles en las convocatorias de ayudas al sector, as\u00ed como un acoso continuo en la fase de justificaci\u00f3n, pidiendo documentaci\u00f3n sobredimensionada, aleatoria y en unos plazos inasumibles e ilegales con una clara intenci\u00f3n de desincentivar a los profesionales a continuar optando a las ayudas.<\/p>\n<p>Otro de los aspectos que se denuncia es la imposici\u00f3n de un modelo fallido de Circuit Cultural Valenci\u00e0, que est\u00e1 impidiendo de hecho la programaci\u00f3n continuada en los municipios valencianos, abocando por ello a la ciudadan\u00eda a tener acceso a la cultura solo en el \u00faltimo cuatrimestre del a\u00f1o, como tambi\u00e9n ocurre con desempe\u00f1o de su trabajo a los profesionales culturales. Este modelo en ning\u00fan momento ha sido consensuado con el sector, quien s\u00ed que ha ofrecido una nueva opci\u00f3n que se ajuste a las necesidades reales y cuente con la garant\u00eda legal oportuna.<\/p>\n<p>A esta grave situaci\u00f3n se le a\u00f1ade la falta de personal en el Institut Valenci\u00e0 de Cultura, reconocida por la propia conselleria, y que supone una falta de atenci\u00f3n y retraso en cualquier gesti\u00f3n con el principal organismo cultural valenciano. Adem\u00e1s, como se ha conocido recientemente, el director general del IVC orden\u00f3 el pago de m\u00e1s de 200.000 euros en mayo de 2025 a la empresa Tragsa para evitar el colapso en la gesti\u00f3n del Circuit y el programa de subvenciones, mientras reduce la partida de personal en un 30%.<\/p>\n<p>La disminuci\u00f3n dr\u00e1stica de la programaci\u00f3n en los centros p\u00fablicos de exhibici\u00f3n, con menos d\u00edas y menos producci\u00f3n valenciana y en valenciano, as\u00ed como la importante reducci\u00f3n de la programaci\u00f3n de circo, danza y artes de calle, son otros ejemplos de la complicada situaci\u00f3n que sufre el sector, que se repite tambi\u00e9n en la formaci\u00f3n con el abandono de las ense\u00f1anzas superiores de Arte Dram\u00e1tico y Danza sin una respuesta clara sobre su futuro.<\/p>\n<p>Desde el sector de las artes esc\u00e9nicas tambi\u00e9n se lamenta el abandono del Centro de Documentaci\u00f3n Esc\u00e9nica, sometido a recortes del 40% en su presupuesto y al cierre efectivo por falta de personal durante un a\u00f1o entero, paralizando la actualizaci\u00f3n de fondos documentales y bases de datos, as\u00ed como los programas de investigaci\u00f3n y edici\u00f3n.<\/p>\n<p>Y por si no fueran pocos los diferentes problemas graves que se sufren en la actualidad, se a\u00f1ade la important\u00edsima reducci\u00f3n del presupuesto de la principal feria profesional de la artes esc\u00e9nicas, como es la Mostra de Alcoi, aut\u00e9ntica plataforma de empresas y profesionales de las artes esc\u00e9nicas y que cuenta con 36 a\u00f1os de historia.<\/p>\n<p>Por \u00faltimo, y como un ejemplo m\u00e1s de la poca sensibilidad en la gesti\u00f3n cultural valenciana por parte del gobierno auton\u00f3mico, la eliminaci\u00f3n de los Premios de las Artes Esc\u00e9nicas Valencianas en 2025, impide dar visibilidad y reconocer el trabajo de los profesionales esc\u00e9nicos, as\u00ed como incentivar la circulaci\u00f3n de la producci\u00f3n esc\u00e9nica fuera y dentro de la Comunidad Valenciana, como bien reflejaban sus bases.<\/p>\n<p>La denuncia de la grav\u00edsima situaci\u00f3n que sufre este sector y que ha sido nuevamente remitida mediante un escrito a la consellera de Cultura, est\u00e1 suscrito por las asociaciones:<\/p>\n<ul>\n<li>AVED, Associaci\u00f3 Valenciana d\u2019Empreses de Dansa<\/li>\n<li>GC Gesti\u00f3 Cultural, Associaci\u00f3 Valenciana de Professionals de la Cultura<\/li>\n<li>AVETID, Associaci\u00f3 Valenciana d\u2019Empreses d\u2019Arts Esc\u00e8niques<\/li>\n<li>ADVAEM, Associaci\u00f3 de Distribu\u00efdors Valencians d\u2019Arts Esc\u00e8niques i M\u00fasica<\/li>\n<li>COMIT\u00c8 ESC\u00c8NIQUES, Associaci\u00f3 de Creadors i Creadores d\u2019Arts Esc\u00e8niques Valencianes<\/li>\n<li>AVEET, Associaci\u00f3 Valenciana d\u2019Escriptores i Escriptors Teatrals<\/li>\n<li>APCCV, Associaci\u00f3 de Professionals de Circ de la Comunitat Valenciana<\/li>\n<li>APDCV, Associaci\u00f3 de Professionals de la Dansa de la C. Valenciana<\/li>\n<li>AAPV, Actors i Actrius Professionals Valencians<\/li>\n<li>PROART, Professionals d\u2019Arts Esc\u00e8niques de Castell\u00f3 i Comarques<\/li>\n<\/ul>\n<p>&nbsp;<\/p>\n","protected":false},"excerpt":{"rendered":"<p>Los profesionales de las artes esc\u00e9nicas trasmiten a la consellera de Cultura la situaci\u00f3n de abandono que sufre el sector 11 asociaciones profesionales denuncian la falta de gesti\u00f3n, los continuos [&hellip;]<\/p>\n","protected":false},"author":5,"featured_media":0,"comment_status":"closed","ping_status":"closed","sticky":false,"template":"","format":"standard","meta":{"_acf_changed":false,"_et_pb_use_builder":"","_et_pb_old_content":"","_et_gb_content_width":"","footnotes":""},"categories":[64],"tags":[854,862,856,855,100,838,103,888,858,857,859,692,313,282,861,737,964,863,881,887],"class_list":["post-6099","post","type-post","status-publish","format-standard","hentry","category-intervencion-politica","tag-aapv-es","tag-advaem-es","tag-apccv-es","tag-apdcv-es","tag-artes-escenicas","tag-arts-esceniques-es","tag-asociaciones","tag-associacions-es","tag-aved-es","tag-aveet-es","tag-avetid-es","tag-comite-es","tag-conselleria-es","tag-cultura-es","tag-gc-es","tag-pais-valencia-es","tag-plataforma","tag-proart-es","tag-profesionales","tag-professionals-es"],"acf":[],"_links":{"self":[{"href":"https:\/\/comiteesceniques.org\/es\/wp-json\/wp\/v2\/posts\/6099","targetHints":{"allow":["GET"]}}],"collection":[{"href":"https:\/\/comiteesceniques.org\/es\/wp-json\/wp\/v2\/posts"}],"about":[{"href":"https:\/\/comiteesceniques.org\/es\/wp-json\/wp\/v2\/types\/post"}],"author":[{"embeddable":true,"href":"https:\/\/comiteesceniques.org\/es\/wp-json\/wp\/v2\/users\/5"}],"replies":[{"embeddable":true,"href":"https:\/\/comiteesceniques.org\/es\/wp-json\/wp\/v2\/comments?post=6099"}],"version-history":[{"count":2,"href":"https:\/\/comiteesceniques.org\/es\/wp-json\/wp\/v2\/posts\/6099\/revisions"}],"predecessor-version":[{"id":6105,"href":"https:\/\/comiteesceniques.org\/es\/wp-json\/wp\/v2\/posts\/6099\/revisions\/6105"}],"wp:attachment":[{"href":"https:\/\/comiteesceniques.org\/es\/wp-json\/wp\/v2\/media?parent=6099"}],"wp:term":[{"taxonomy":"category","embeddable":true,"href":"https:\/\/comiteesceniques.org\/es\/wp-json\/wp\/v2\/categories?post=6099"},{"taxonomy":"post_tag","embeddable":true,"href":"https:\/\/comiteesceniques.org\/es\/wp-json\/wp\/v2\/tags?post=6099"}],"curies":[{"name":"wp","href":"https:\/\/api.w.org\/{rel}","templated":true}]}}