{"id":5862,"date":"2025-09-26T09:57:05","date_gmt":"2025-09-26T07:57:05","guid":{"rendered":"https:\/\/comiteesceniques.org\/?p=5862"},"modified":"2025-09-26T09:57:35","modified_gmt":"2025-09-26T07:57:35","slug":"comunicado-las-artes-escenicas-valencianas-advierten-del-dano-que-producira-al-sector-la-falta-de-apoyo-de-la-generalitat-a-la-mostra-de-teatre-dalcoi","status":"publish","type":"post","link":"https:\/\/comiteesceniques.org\/es\/sin-categorizar\/comunicado-las-artes-escenicas-valencianas-advierten-del-dano-que-producira-al-sector-la-falta-de-apoyo-de-la-generalitat-a-la-mostra-de-teatre-dalcoi\/","title":{"rendered":"COMUNICADO &#8211; Las artes esc\u00e9nicas valencianas advierten del da\u00f1o que producir\u00e1 al sector la falta de apoyo de la Generalitat a la Mostra de Teatre d\u2019Alcoi"},"content":{"rendered":"<h1>Las artes esc\u00e9nicas valencianas advierten del da\u00f1o que producir\u00e1 al sector la falta de apoyo de la\u00a0 Generalitat a la Mostra de Teatre d\u2019Alcoi<\/h1>\n<h2>Una decena de asociaciones profesionales exigen mantener el nivel del principal escaparate del sector<\/h2>\n<p><strong>22\/septiembre\/2025<\/strong> Un total de doce asociaciones profesionales de las artes esc\u00e9nicas de la Comunitat Valenciana han alzado su voz contra la indefinici\u00f3n y la falta de apoyo que el Institut Valenci\u00e0 de Cultura viene mostrando con la Fira d\u2019Arts Esc\u00e8niques Valencianes \u2013 Mostra de Teatre d\u2019Alcoi, el evento cultural donde desde 1991 se pone en valor la creaci\u00f3n esc\u00e9nica valenciana y se fomenta el intercambio profesional, ya que la Mostra act\u00faa de plataforma tanto para compa\u00f1\u00edas como para creadores, productores, programadores y distribuidores para dar visibilidad a los espect\u00e1culos valencianos.<\/p>\n<p>La preocupaci\u00f3n del sector cultural valenciano comenz\u00f3 con la organizaci\u00f3n de la MTA de este a\u00f1o, cuando la Generalitat Valenciana otorg\u00f3 una subvenci\u00f3n inicial de 60.000 euros en lugar de los 155.000 euros de\u00a0 la edici\u00f3n anterior, lo que supon\u00eda una dr\u00e1stica reducci\u00f3n a pocos d\u00edas del inicio del encuentro que imped\u00eda mantener el nivel de programaci\u00f3n de ediciones anteriores y mantener los compromisos adquiridos por la organizaci\u00f3n. Despu\u00e9s de diferentes conversaciones entre el Ajuntament d\u2019Alcoi, la conselleria de Cultura y el IVC durante todo el a\u00f1o, desde el gobierno valenciano se ha trasmitido la voluntad de dotar al MTA de la misma ayuda econ\u00f3mica que en 2024, aunque todav\u00eda no se ha hecho efectiva esta promesa.<\/p>\n<p>M\u00e1s preocupante es la situaci\u00f3n para la pr\u00f3xima edici\u00f3n de 2026, donde de momento hay consignados solo 60.000 euros desde Cultura, sin que se haya trasmitido ni concretado la voluntad de mantener el nivel del principal escenario para la promoci\u00f3n, visibilizaci\u00f3n y contrataci\u00f3n de las artes esc\u00e9nicas valencianas que se celebra a finales del mes de mayo en la ciudad de Alcoi. Si se confirma esta pretensi\u00f3n y no se modifica en los pr\u00f3ximos presupuestos auton\u00f3micos, la organizaci\u00f3n de la Mostra de Teatre d\u2019Alcoi se tendr\u00e1 que adaptar a la nueva situaci\u00f3n con este recorte de un 60%, repercutiendo en la calidad y cantidad del mayor escaparate de las artes esc\u00e9nicas valencianas.<\/p>\n<p>Las doce asociaciones principales de las artes esc\u00e9nicas valencianas, donde se incluyen actores y actrices profesionales, empresarios, profesionales de la danza, distribuidores, t\u00e9cnicos, escritores, empresas de teatros, salas independientes, gestores culturales, la asociaci\u00f3n de artes esc\u00e9nicas de Castell\u00f3n y de Alicante y los profesionales del circo, han advertido del da\u00f1o que\u00a0puede producir esta situaci\u00f3n al sector. Esta unanimidad de las asociaciones profesionales alerta del importante riesgo al que se exponen los escenarios si no se mantiene un compromiso claro y contundente por parte del IVC a la Mostra de Alcoi.<\/p>\n<p>pendientes de la resoluci\u00f3n administrativa del pago de la edici\u00f3n de 2025, pasados ya cuatro meses de su celebraci\u00f3n, y con la indefinici\u00f3n de la cobertura econ\u00f3mica para las pr\u00f3ximas ediciones, los profesionales de las artes esc\u00e9nicas valencianas alertan de la grave situaci\u00f3n a la que se le est\u00e1 sometiendo al sector cultural, agravada adem\u00e1s por otras circunstancias como la falta de apoyo a la contrataci\u00f3n de compa\u00f1\u00edas valencianas o el retraso en las convocatorias y pagos de las ayudas de las instituciones valencianas.<\/p>\n<blockquote><p>A esta reivindicaci\u00f3n p\u00fablica se han unido las siguientes asociaciones: AAPV (actores y actrices profesionales valencianos), FETI (Federaci\u00f3n de Espacios Teatrales Independientes), ADVAEM (asociaci\u00f3n valenciana de distribuidoras y distribuidores profesionales de artes esc\u00e9nicas y m\u00fasica), AVED (Asociaci\u00f3n Valenciana de Empresas de Danza), PROTEA (Plataforma de Profesionales del Teatro de la Provincia de Alicante), APDCV (Asociaci\u00f3n de Profesional de la Danza de la Comunidad Valenciana), APCCV (Asociaci\u00f3n de Profesionales del Circo de la Comunidad Valenciana), AVETID (asociaci\u00f3n de salas y empresas productoras de teatro y circo), Comit\u00e8 Esc\u00e8niques (compa\u00f1\u00edas y creadores de Castell\u00f3n, Valencia y Alicante), Gesti\u00f3 Cultura (asociaci\u00f3n valenciana de gestores culturales), AVEET (asociaci\u00f3n de escritores y<br \/>\nescritoras teatrales) y PROART (Profesionales de las Artes Esc\u00e9nicas de las comarcas de Castell\u00f3n.<\/p><\/blockquote>\n","protected":false},"excerpt":{"rendered":"<p>Las artes esc\u00e9nicas valencianas advierten del da\u00f1o que producir\u00e1 al sector la falta de apoyo de la\u00a0 Generalitat a la Mostra de Teatre d\u2019Alcoi Una decena de asociaciones profesionales exigen [&hellip;]<\/p>\n","protected":false},"author":5,"featured_media":0,"comment_status":"closed","ping_status":"closed","sticky":false,"template":"","format":"standard","meta":{"_acf_changed":false,"_et_pb_use_builder":"","_et_pb_old_content":"","_et_gb_content_width":"","footnotes":""},"categories":[64,1],"tags":[854,862,850,856,855,100,838,103,858,857,859,865,692,860,861,312,311,851,737,863,852,864,853,837,277],"class_list":["post-5862","post","type-post","status-publish","format-standard","hentry","category-intervencion-politica","category-sin-categorizar","tag-aapv-es","tag-advaem-es","tag-alcoy","tag-apccv-es","tag-apdcv-es","tag-artes-escenicas","tag-arts-esceniques-es","tag-asociaciones","tag-aved-es","tag-aveet-es","tag-avetid-es","tag-ayuntamiento-es","tag-comite-es","tag-feti-es","tag-gc-es","tag-institut-valencia-de-cultura-es","tag-ivc-es","tag-muestra","tag-pais-valencia-es","tag-proart-es","tag-profesional","tag-protea-es","tag-sector-es","tag-teatre-es","tag-teatro-es"],"acf":[],"_links":{"self":[{"href":"https:\/\/comiteesceniques.org\/es\/wp-json\/wp\/v2\/posts\/5862","targetHints":{"allow":["GET"]}}],"collection":[{"href":"https:\/\/comiteesceniques.org\/es\/wp-json\/wp\/v2\/posts"}],"about":[{"href":"https:\/\/comiteesceniques.org\/es\/wp-json\/wp\/v2\/types\/post"}],"author":[{"embeddable":true,"href":"https:\/\/comiteesceniques.org\/es\/wp-json\/wp\/v2\/users\/5"}],"replies":[{"embeddable":true,"href":"https:\/\/comiteesceniques.org\/es\/wp-json\/wp\/v2\/comments?post=5862"}],"version-history":[{"count":1,"href":"https:\/\/comiteesceniques.org\/es\/wp-json\/wp\/v2\/posts\/5862\/revisions"}],"predecessor-version":[{"id":5863,"href":"https:\/\/comiteesceniques.org\/es\/wp-json\/wp\/v2\/posts\/5862\/revisions\/5863"}],"wp:attachment":[{"href":"https:\/\/comiteesceniques.org\/es\/wp-json\/wp\/v2\/media?parent=5862"}],"wp:term":[{"taxonomy":"category","embeddable":true,"href":"https:\/\/comiteesceniques.org\/es\/wp-json\/wp\/v2\/categories?post=5862"},{"taxonomy":"post_tag","embeddable":true,"href":"https:\/\/comiteesceniques.org\/es\/wp-json\/wp\/v2\/tags?post=5862"}],"curies":[{"name":"wp","href":"https:\/\/api.w.org\/{rel}","templated":true}]}}