{"id":4248,"global_id":"comiteesceniques.org\/es\/?id=4248","global_id_lineage":["comiteesceniques.org\/es\/?id=4248"],"author":"5","status":"publish","date":"2024-11-14 16:45:26","date_utc":"2024-11-14 15:45:26","modified":"2024-11-14 16:45:26","modified_utc":"2024-11-14 15:45:26","url":"https:\/\/comiteesceniques.org\/es\/event\/convocatoria-propostes-artistiques-xalar-a-lalt-maestrat-iii-festival-darts-esceniques-participat-per-gent-jove\/","rest_url":"https:\/\/comiteesceniques.org\/es\/wp-json\/tribe\/events\/v1\/events\/4248","title":"Convocat\u00f2ria Propostes art\u00edstiques Xalar a l&#8217;Alt Maestrat &#8211; III Festival d&#8217;arts esc\u00e8niques participat per gent jove","description":"<div dir=\"auto\">\n<h1><b><span style=\"font-size: large;\">Convocat\u00f2ria Propostes art\u00edstiques Xalar a l&#8217;Alt Maestrat &#8211; III Festival d&#8217;arts esc\u00e8niques participat per gent jove<\/span><\/b><\/h1>\n<\/div>\n<div dir=\"auto\">\n<p dir=\"auto\">Est\u00e0 oberta la convocat\u00f2ria d&#8217;espectacles per al III Festival Xalar a l&#8217;Alt Maestrat, &#8211; Festival d&#8217;arts esc\u00e8niques participat per gent jove, que es celebrar\u00e0 el 9, 10 i 11 de maig de 2025 a l&#8217;Alt Maestrat (interior de Castell\u00f3)<\/p>\n<p dir=\"auto\">Aquest festival acull tota classe de llenguatges esc\u00e8nics (dansa, teatre, circ, m\u00e0gia, stand-up comedy, arts de carrer, performance..) amb la limitaci\u00f3 del fet que no tenim una caixa negra i les necessitats t\u00e8cniques s\u00f3n\u00a0 limitades.<\/p>\n<p dir=\"auto\">La particularitat, fonamental d&#8217;aquest festival \u00e9s que l&#8217;equip de programaci\u00f3 s\u00f3n joves de la comarca.<\/p>\n<p dir=\"auto\"><span style=\"color: #000000;\">Ac\u00ed teniu les <a href=\"https:\/\/www.festivalxalar.com\/_files\/ugd\/3707c7_e0e7c6590d454db2b9170f9d9e716e24.pdf\" target=\"_blank\" rel=\"noopener\">bases<\/a> i<\/span>\u00a0el <a href=\"https:\/\/docs.google.com\/forms\/d\/e\/1FAIpQLSe77Y73IlTm8xtFgiH4_OvQp1ffhLrl65jAkuyF60yI7VrzAg\/viewform\" target=\"_blank\" rel=\"noopener\">formulari d&#8217;inscripci\u00f3<\/a>.<\/p>\n<p dir=\"auto\">Cualquier duda estamos a vuestra disposici\u00f3n:\u00a0<a href=\"mailto:xalarfestival@gmail.com\" target=\"_blank\" rel=\"noopener\">xalarfestival@gmail.com<\/a><\/p>\n<blockquote>\n<p dir=\"auto\">Termini obert fins el 24 de novembre<\/p>\n<\/blockquote>\n<\/div>","excerpt":"","slug":"convocatoria-propostes-artistiques-xalar-a-lalt-maestrat-iii-festival-darts-esceniques-participat-per-gent-jove","image":{"url":"https:\/\/comiteesceniques.org\/wp-content\/uploads\/2024\/11\/FESTIVAL-XALAR.jpg","id":4249,"extension":"jpg","width":1920,"height":2043,"filesize":273432,"sizes":{"medium":{"width":282,"height":300,"mime-type":"image\/jpeg","filesize":14271,"url":"https:\/\/comiteesceniques.org\/wp-content\/uploads\/2024\/11\/FESTIVAL-XALAR-282x300.jpg"},"large":{"width":962,"height":1024,"mime-type":"image\/jpeg","filesize":77764,"url":"https:\/\/comiteesceniques.org\/wp-content\/uploads\/2024\/11\/FESTIVAL-XALAR-962x1024.jpg"},"thumbnail":{"width":150,"height":150,"mime-type":"image\/jpeg","filesize":5928,"url":"https:\/\/comiteesceniques.org\/wp-content\/uploads\/2024\/11\/FESTIVAL-XALAR-150x150.jpg"},"medium_large":{"width":768,"height":817,"mime-type":"image\/jpeg","filesize":57176,"url":"https:\/\/comiteesceniques.org\/wp-content\/uploads\/2024\/11\/FESTIVAL-XALAR-768x817.jpg"},"1536x1536":{"width":1444,"height":1536,"mime-type":"image\/jpeg","filesize":138104,"url":"https:\/\/comiteesceniques.org\/wp-content\/uploads\/2024\/11\/FESTIVAL-XALAR-1444x1536.jpg"},"et-pb-post-main-image":{"width":400,"height":250,"mime-type":"image\/jpeg","filesize":19126,"url":"https:\/\/comiteesceniques.org\/wp-content\/uploads\/2024\/11\/FESTIVAL-XALAR-400x250.jpg"},"et-pb-post-main-image-fullwidth":{"width":1080,"height":675,"mime-type":"image\/jpeg","filesize":72740,"url":"https:\/\/comiteesceniques.org\/wp-content\/uploads\/2024\/11\/FESTIVAL-XALAR-1080x675.jpg"},"et-pb-portfolio-image":{"width":400,"height":284,"mime-type":"image\/jpeg","filesize":20325,"url":"https:\/\/comiteesceniques.org\/wp-content\/uploads\/2024\/11\/FESTIVAL-XALAR-400x284.jpg"},"et-pb-portfolio-module-image":{"width":510,"height":382,"mime-type":"image\/jpeg","filesize":29306,"url":"https:\/\/comiteesceniques.org\/wp-content\/uploads\/2024\/11\/FESTIVAL-XALAR-510x382.jpg"},"et-pb-portfolio-image-single":{"width":1080,"height":1149,"mime-type":"image\/jpeg","filesize":91025,"url":"https:\/\/comiteesceniques.org\/wp-content\/uploads\/2024\/11\/FESTIVAL-XALAR-1080x1149.jpg"},"et-pb-gallery-module-image-portrait":{"width":400,"height":516,"mime-type":"image\/jpeg","filesize":29539,"url":"https:\/\/comiteesceniques.org\/wp-content\/uploads\/2024\/11\/FESTIVAL-XALAR-400x516.jpg"},"et-pb-post-main-image-fullwidth-large":{"width":1920,"height":1800,"mime-type":"image\/jpeg","filesize":226452,"url":"https:\/\/comiteesceniques.org\/wp-content\/uploads\/2024\/11\/FESTIVAL-XALAR-1920x1800.jpg"},"et-pb-image--responsive--desktop":{"width":1280,"height":1362,"mime-type":"image\/jpeg","filesize":115796,"url":"https:\/\/comiteesceniques.org\/wp-content\/uploads\/2024\/11\/FESTIVAL-XALAR-1280x1362.jpg"},"et-pb-image--responsive--tablet":{"width":980,"height":1043,"mime-type":"image\/jpeg","filesize":79438,"url":"https:\/\/comiteesceniques.org\/wp-content\/uploads\/2024\/11\/FESTIVAL-XALAR-980x1043.jpg"},"et-pb-image--responsive--phone":{"width":480,"height":511,"mime-type":"image\/jpeg","filesize":30020,"url":"https:\/\/comiteesceniques.org\/wp-content\/uploads\/2024\/11\/FESTIVAL-XALAR-480x511.jpg"},"cmplz_banner_image":{"width":350,"height":100,"mime-type":"image\/jpeg","filesize":8496,"url":"https:\/\/comiteesceniques.org\/wp-content\/uploads\/2024\/11\/FESTIVAL-XALAR-350x100.jpg"}}},"all_day":true,"start_date":"2024-11-14 00:00:00","start_date_details":{"year":"2024","month":"11","day":"14","hour":"00","minutes":"00","seconds":"00"},"end_date":"2024-11-24 23:59:59","end_date_details":{"year":"2024","month":"11","day":"24","hour":"23","minutes":"59","seconds":"59"},"utc_start_date":"2024-11-13 23:00:00","utc_start_date_details":{"year":"2024","month":"11","day":"13","hour":"23","minutes":"00","seconds":"00"},"utc_end_date":"2024-11-24 22:59:59","utc_end_date_details":{"year":"2024","month":"11","day":"24","hour":"22","minutes":"59","seconds":"59"},"timezone":"Europe\/Madrid","timezone_abbr":"CET","cost":"","cost_details":{"currency_symbol":"\u20ac","currency_code":"EUR","currency_position":"prefix","values":[]},"website":"https:\/\/www.festivalxalar.com\/","show_map":true,"show_map_link":true,"hide_from_listings":false,"sticky":false,"featured":false,"categories":[{"name":"Convocat\u00f2ries","slug":"convocatories","term_group":0,"term_taxonomy_id":81,"taxonomy":"tribe_events_cat","description":"","parent":0,"count":124,"filter":"raw","id":81,"urls":{"self":"https:\/\/comiteesceniques.org\/es\/wp-json\/tribe\/events\/v1\/categories\/81","collection":"https:\/\/comiteesceniques.org\/es\/wp-json\/tribe\/events\/v1\/categories"}}],"tags":[{"name":"Alt Maestrat","slug":"alt-maestrat","term_group":0,"term_taxonomy_id":295,"taxonomy":"post_tag","description":"","parent":0,"count":2,"filter":"raw","id":295,"urls":{"self":"https:\/\/comiteesceniques.org\/es\/wp-json\/tribe\/events\/v1\/tags\/295","collection":"https:\/\/comiteesceniques.org\/es\/wp-json\/tribe\/events\/v1\/tags"}},{"name":"arts esc\u00e8niques","slug":"arts-esceniques","term_group":0,"term_taxonomy_id":98,"taxonomy":"post_tag","description":"","parent":0,"count":300,"filter":"raw","id":98,"urls":{"self":"https:\/\/comiteesceniques.org\/es\/wp-json\/tribe\/events\/v1\/tags\/98","collection":"https:\/\/comiteesceniques.org\/es\/wp-json\/tribe\/events\/v1\/tags"}},{"name":"arts vives","slug":"arts-vives","term_group":0,"term_taxonomy_id":232,"taxonomy":"post_tag","description":"","parent":0,"count":18,"filter":"raw","id":232,"urls":{"self":"https:\/\/comiteesceniques.org\/es\/wp-json\/tribe\/events\/v1\/tags\/232","collection":"https:\/\/comiteesceniques.org\/es\/wp-json\/tribe\/events\/v1\/tags"}},{"name":"Castell\u00f3","slug":"castello","term_group":0,"term_taxonomy_id":107,"taxonomy":"post_tag","description":"","parent":0,"count":23,"filter":"raw","id":107,"urls":{"self":"https:\/\/comiteesceniques.org\/es\/wp-json\/tribe\/events\/v1\/tags\/107","collection":"https:\/\/comiteesceniques.org\/es\/wp-json\/tribe\/events\/v1\/tags"}},{"name":"circ","slug":"circ","term_group":0,"term_taxonomy_id":149,"taxonomy":"post_tag","description":"","parent":0,"count":45,"filter":"raw","id":149,"urls":{"self":"https:\/\/comiteesceniques.org\/es\/wp-json\/tribe\/events\/v1\/tags\/149","collection":"https:\/\/comiteesceniques.org\/es\/wp-json\/tribe\/events\/v1\/tags"}},{"name":"comit\u00e8","slug":"comite","term_group":0,"term_taxonomy_id":162,"taxonomy":"post_tag","description":"","parent":0,"count":229,"filter":"raw","id":162,"urls":{"self":"https:\/\/comiteesceniques.org\/es\/wp-json\/tribe\/events\/v1\/tags\/162","collection":"https:\/\/comiteesceniques.org\/es\/wp-json\/tribe\/events\/v1\/tags"}},{"name":"convocat\u00f2ria","slug":"convocatoria","term_group":0,"term_taxonomy_id":119,"taxonomy":"post_tag","description":"","parent":0,"count":41,"filter":"raw","id":119,"urls":{"self":"https:\/\/comiteesceniques.org\/es\/wp-json\/tribe\/events\/v1\/tags\/119","collection":"https:\/\/comiteesceniques.org\/es\/wp-json\/tribe\/events\/v1\/tags"}},{"name":"dansa","slug":"dansa","term_group":0,"term_taxonomy_id":121,"taxonomy":"post_tag","description":"","parent":0,"count":50,"filter":"raw","id":121,"urls":{"self":"https:\/\/comiteesceniques.org\/es\/wp-json\/tribe\/events\/v1\/tags\/121","collection":"https:\/\/comiteesceniques.org\/es\/wp-json\/tribe\/events\/v1\/tags"}},{"name":"festival","slug":"festival","term_group":0,"term_taxonomy_id":186,"taxonomy":"post_tag","description":"","parent":0,"count":22,"filter":"raw","id":186,"urls":{"self":"https:\/\/comiteesceniques.org\/es\/wp-json\/tribe\/events\/v1\/tags\/186","collection":"https:\/\/comiteesceniques.org\/es\/wp-json\/tribe\/events\/v1\/tags"}},{"name":"festival xalar","slug":"festival-xalar","term_group":0,"term_taxonomy_id":292,"taxonomy":"post_tag","description":"","parent":0,"count":1,"filter":"raw","id":292,"urls":{"self":"https:\/\/comiteesceniques.org\/es\/wp-json\/tribe\/events\/v1\/tags\/292","collection":"https:\/\/comiteesceniques.org\/es\/wp-json\/tribe\/events\/v1\/tags"}},{"name":"Joves","slug":"joves","term_group":0,"term_taxonomy_id":134,"taxonomy":"post_tag","description":"","parent":0,"count":4,"filter":"raw","id":134,"urls":{"self":"https:\/\/comiteesceniques.org\/es\/wp-json\/tribe\/events\/v1\/tags\/134","collection":"https:\/\/comiteesceniques.org\/es\/wp-json\/tribe\/events\/v1\/tags"}},{"name":"plataforma escenica","slug":"plataforma-escenica","term_group":0,"term_taxonomy_id":294,"taxonomy":"post_tag","description":"","parent":0,"count":1,"filter":"raw","id":294,"urls":{"self":"https:\/\/comiteesceniques.org\/es\/wp-json\/tribe\/events\/v1\/tags\/294","collection":"https:\/\/comiteesceniques.org\/es\/wp-json\/tribe\/events\/v1\/tags"}},{"name":"teatre","slug":"teatre","term_group":0,"term_taxonomy_id":104,"taxonomy":"post_tag","description":"","parent":0,"count":242,"filter":"raw","id":104,"urls":{"self":"https:\/\/comiteesceniques.org\/es\/wp-json\/tribe\/events\/v1\/tags\/104","collection":"https:\/\/comiteesceniques.org\/es\/wp-json\/tribe\/events\/v1\/tags"}},{"name":"xalar","slug":"xalar","term_group":0,"term_taxonomy_id":293,"taxonomy":"post_tag","description":"","parent":0,"count":2,"filter":"raw","id":293,"urls":{"self":"https:\/\/comiteesceniques.org\/es\/wp-json\/tribe\/events\/v1\/tags\/293","collection":"https:\/\/comiteesceniques.org\/es\/wp-json\/tribe\/events\/v1\/tags"}}],"venue":{"id":4252,"author":"5","status":"publish","date":"2024-11-14 16:45:26","date_utc":"2024-11-14 15:45:26","modified":"2024-11-14 16:45:26","modified_utc":"2024-11-14 15:45:26","url":"https:\/\/comiteesceniques.org\/local\/festival-xalar\/","venue":"FESTIVAL XALAR","slug":"festival-xalar","country":"Spain","province":"Castell\u00f3","website":"https:\/\/www.festivalxalar.com\/","stateprovince":"Castell\u00f3","json_ld":{"@type":"Place","name":"FESTIVAL XALAR","description":"","url":"","address":{"@type":"PostalAddress","addressRegion":"Castell\u00f3","addressCountry":"Spain"},"telephone":"","sameAs":"https:\/\/www.festivalxalar.com\/"},"show_map":false,"show_map_link":false,"global_id":"comiteesceniques.org\/es\/?id=4252","global_id_lineage":["comiteesceniques.org\/es\/?id=4252"]},"organizer":[{"id":4253,"author":"5","status":"publish","date":"2024-11-14 16:45:26","date_utc":"2024-11-14 15:45:26","modified":"2024-11-14 16:45:26","modified_utc":"2024-11-14 15:45:26","url":"https:\/\/comiteesceniques.org\/organizador\/la-plataforma-escenica\/","organizer":"LA PLATAFORMA ESC\u00c9NICA","slug":"la-plataforma-escenica","website":"https:\/\/www.instagram.com\/festivalxalar\/","email":"xalarfestival@gmail.com","json_ld":{"@type":"Person","name":"LA PLATAFORMA ESC\u00c9NICA","description":"","url":"https:\/\/www.instagram.com\/festivalxalar\/","telephone":"","email":"&#120;a&#108;&#97;&#114;&#102;e&#115;ti&#118;&#97;&#108;&#64;g&#109;a&#105;l.&#99;o&#109;","sameAs":"https:\/\/www.instagram.com\/festivalxalar\/"},"global_id":"comiteesceniques.org\/es\/?id=4253","global_id_lineage":["comiteesceniques.org\/es\/?id=4253"]}],"custom_fields":[],"json_ld":{"@context":"http:\/\/schema.org","@type":"Event","name":"Convocat\u00f2ria Propostes art\u00edstiques Xalar a l&#8217;Alt Maestrat &#8211; III Festival d&#8217;arts esc\u00e8niques participat per gent jove","description":"&lt;p&gt;Convocat\u00f2ria Propostes art\u00edstiques Xalar a l\\'Alt Maestrat - III Festival d\\'arts esc\u00e8niques participat per gent jove Est\u00e0 oberta la convocat\u00f2ria d\\'espectacles per al III Festival Xalar a l\\'Alt Maestrat, - [&hellip;]&lt;\/p&gt;\\n","image":"https:\/\/comiteesceniques.org\/wp-content\/uploads\/2024\/11\/FESTIVAL-XALAR.jpg","url":"https:\/\/comiteesceniques.org\/es\/event\/convocatoria-propostes-artistiques-xalar-a-lalt-maestrat-iii-festival-darts-esceniques-participat-per-gent-jove\/","eventAttendanceMode":"https:\/\/schema.org\/OfflineEventAttendanceMode","eventStatus":"https:\/\/schema.org\/EventScheduled","startDate":"2024-11-14T00:00:00+01:00","endDate":"2024-11-24T23:59:59+01:00","location":{"@type":"Place","name":"FESTIVAL XALAR","description":"","url":"","address":{"@type":"PostalAddress","addressRegion":"Castell\u00f3","addressCountry":"Spain"},"telephone":"","sameAs":"https:\/\/www.festivalxalar.com\/"},"organizer":{"@type":"Person","name":"LA PLATAFORMA ESC\u00c9NICA","description":"","url":"https:\/\/www.instagram.com\/festivalxalar\/","telephone":"","email":"x&#97;l&#97;rfes&#116;&#105;&#118;&#97;l&#64;g&#109;ail.&#99;om","sameAs":"https:\/\/www.instagram.com\/festivalxalar\/"},"performer":"Organization"}}